{"id":40525,"date":"2023-06-13T17:37:13","date_gmt":"2023-06-13T20:37:13","guid":{"rendered":"https:\/\/www.sindojusmg.org.br\/site\/?p=40525"},"modified":"2023-06-13T17:37:13","modified_gmt":"2023-06-13T20:37:13","slug":"o-sindojusmg-apoia-a-pec-23-funcao-essencial-a-justica","status":"publish","type":"post","link":"https:\/\/www.sindojusmg.org.br\/site\/o-sindojusmg-apoia-a-pec-23-funcao-essencial-a-justica\/","title":{"rendered":"O Sindojus\/MG apoia a PEC 23! Fun\u00e7\u00e3o essencial \u00e0 justi\u00e7a!"},"content":{"rendered":"<p>A Diretoria do Sindojus\/MG declara apoio integral \u00e0 PEC 23\/2023, que insere os Oficiais de Justi\u00e7a na Constitui\u00e7\u00e3o Federal como Fun\u00e7\u00e3o Essencial \u00e0 Justi\u00e7a. Em um contexto de extin\u00e7\u00e3o\/transforma\u00e7\u00e3o de cargos na estrutura do Poder Judici\u00e1rio, nomea\u00e7\u00f5es <em>ad hoc<\/em>, tentativas de delega\u00e7\u00e3o de atribui\u00e7\u00f5es para os cart\u00f3rios extrajudiciais, dentre outros projetos de leis que prop\u00f5em a privatiza\u00e7\u00e3o parcial da atividade judici\u00e1ria, a PEC 23 se apresenta como o mecanismo mais contundente para recuperar a trajet\u00f3ria de valoriza\u00e7\u00e3o da categoria e evitar a precariza\u00e7\u00e3o do trabalho do Poder Judici\u00e1rio.<\/p>\n<p>A referida Proposta de Emenda Constitucional insere os Oficiais de Justi\u00e7a na Constitui\u00e7\u00e3o Federal como Fun\u00e7\u00e3o Essencial \u00e0 Justi\u00e7a, estabelece a carreira como t\u00edpica de Estado, imp\u00f5e a obrigatoriedade do bacharelado em Direito para a investidura no cargo, concede aposentadoria diferenciada por atividade de risco e prev\u00ea uma Lei Org\u00e2nica Nacional para tratar de maneira uniforme dos direitos e deveres dos Oficiais de Justi\u00e7a em todo o pa\u00eds. Trata-se de um conjunto de medidas extremamente importantes para al\u00e7ar os Oficiais de Justi\u00e7a ao patamar merecido pela relev\u00e2ncia e complexidade das atribui\u00e7\u00f5es que exercem.<\/p>\n<p>Por essas raz\u00f5es, o Sindojus\/MG se manifesta favoravelmente \u00e0 PEC 23\/2023 e assume o compromisso p\u00fablico de realizar todos os esfor\u00e7os poss\u00edveis para a aprova\u00e7\u00e3o da proposta. Faremos tudo o que for necess\u00e1rio para que os Oficiais de Justi\u00e7a finalmente figurem na Constitui\u00e7\u00e3o de 1988 como uma das mais importantes carreiras jur\u00eddicas do Brasil.<\/p>\n<p>#UnidosSomosMaisFortes #SindicatoForte #sindicato #sindojus<\/p>\n","protected":false},"excerpt":{"rendered":"<p>A Diretoria do Sindojus\/MG declara apoio integral \u00e0 PEC 23\/2023, que insere os Oficiais de Justi\u00e7a na Constitui\u00e7\u00e3o Federal como Fun\u00e7\u00e3o Essencial \u00e0 Justi\u00e7a. Em um contexto de extin\u00e7\u00e3o\/transforma\u00e7\u00e3o de cargos na estrutura do Poder Judici\u00e1rio, nomea\u00e7\u00f5es ad hoc, tentativas de delega\u00e7\u00e3o de atribui\u00e7\u00f5es para os cart\u00f3rios extrajudiciais, dentre outros projetos de leis que prop\u00f5em [&hellip;]<\/p>\n","protected":false},"author":96,"featured_media":40526,"comment_status":"closed","ping_status":"closed","sticky":false,"template":"","format":"standard","meta":{"_acf_changed":false,"footnotes":""},"categories":[1],"tags":[],"class_list":["post-40525","post","type-post","status-publish","format-standard","has-post-thumbnail","hentry","category-geral"],"acf":[],"_links":{"self":[{"href":"https:\/\/www.sindojusmg.org.br\/site\/wp-json\/wp\/v2\/posts\/40525","targetHints":{"allow":["GET"]}}],"collection":[{"href":"https:\/\/www.sindojusmg.org.br\/site\/wp-json\/wp\/v2\/posts"}],"about":[{"href":"https:\/\/www.sindojusmg.org.br\/site\/wp-json\/wp\/v2\/types\/post"}],"author":[{"embeddable":true,"href":"https:\/\/www.sindojusmg.org.br\/site\/wp-json\/wp\/v2\/users\/96"}],"replies":[{"embeddable":true,"href":"https:\/\/www.sindojusmg.org.br\/site\/wp-json\/wp\/v2\/comments?post=40525"}],"version-history":[{"count":0,"href":"https:\/\/www.sindojusmg.org.br\/site\/wp-json\/wp\/v2\/posts\/40525\/revisions"}],"wp:featuredmedia":[{"embeddable":true,"href":"https:\/\/www.sindojusmg.org.br\/site\/wp-json\/wp\/v2\/media\/40526"}],"wp:attachment":[{"href":"https:\/\/www.sindojusmg.org.br\/site\/wp-json\/wp\/v2\/media?parent=40525"}],"wp:term":[{"taxonomy":"category","embeddable":true,"href":"https:\/\/www.sindojusmg.org.br\/site\/wp-json\/wp\/v2\/categories?post=40525"},{"taxonomy":"post_tag","embeddable":true,"href":"https:\/\/www.sindojusmg.org.br\/site\/wp-json\/wp\/v2\/tags?post=40525"}],"curies":[{"name":"wp","href":"https:\/\/api.w.org\/{rel}","templated":true}]}}